{"id":36360,"date":"2025-06-20T09:00:00","date_gmt":"2025-06-20T07:00:00","guid":{"rendered":"https:\/\/www.groupe-grim.com\/mini\/?p=36360"},"modified":"2025-06-10T17:33:54","modified_gmt":"2025-06-10T15:33:54","slug":"etiquette-energie-vehicule","status":"publish","type":"post","link":"https:\/\/www.groupe-grim.com\/mini\/etiquette-energie-vehicule\/","title":{"rendered":"Comment fonctionne l&rsquo;\u00e9tiquette \u00e9nergie d&rsquo;un v\u00e9hicule ?"},"content":{"rendered":"\n<p>L&rsquo;<strong>\u00e9tiquette \u00e9nergie d&rsquo;un v\u00e9hicule<\/strong> est un outil essentiel pour comprendre l&rsquo;impact environnemental d&rsquo;une voiture avant de l&rsquo;acheter. Affich\u00e9e sur les mod\u00e8les neufs en showroom ou sur les sites des constructeurs, elle informe le public sur la consommation de carburant et les \u00e9missions de CO2. <\/p>\n\n\n\n<p>Si vous \u00eates novice dans le monde de l&rsquo;automobile, ce guide complet vous expliquera de fa\u00e7on simple et claire ce qu&rsquo;est une \u00e9tiquette \u00e9nergie de v\u00e9hicule, \u00e0 quoi sert ce classement, et comment l&rsquo;utiliser pour faire un choix plus \u00e9cologique et \u00e9conomique.<\/p>\n\n\n\n<div style=\"height:30px\" aria-hidden=\"true\" class=\"wp-block-spacer\"><\/div>\n\n\n\n<figure class=\"wp-block-image size-full\"><img loading=\"lazy\" decoding=\"async\" width=\"850\" height=\"478\" src=\"https:\/\/www.groupe-grim.com\/mini\/wp-content\/uploads\/2025\/06\/2.jpg\" alt=\"MINI Cooper avec une \u00e9tiquette \u00e9nergie\" class=\"wp-image-36365\" srcset=\"https:\/\/www.groupe-grim.com\/mini\/wp-content\/uploads\/2025\/06\/2.jpg 850w, https:\/\/www.groupe-grim.com\/mini\/wp-content\/uploads\/2025\/06\/2-480x270.jpg 480w\" sizes=\"(min-width: 0px) and (max-width: 480px) 480px, (min-width: 481px) 850px, 100vw\" \/><\/figure>\n\n\n\n<div style=\"height:30px\" aria-hidden=\"true\" class=\"wp-block-spacer\"><\/div>\n\n\n\n<h2 class=\"wp-block-heading\">Qu&rsquo;est-ce que l&rsquo;\u00e9tiquette \u00e9nergie d&rsquo;un v\u00e9hicule ?<\/h2>\n\n\n\n<div style=\"height:30px\" aria-hidden=\"true\" class=\"wp-block-spacer\"><\/div>\n\n\n\n<p>L&rsquo;<strong>\u00e9tiquette \u00e9nergie<\/strong> est un dispositif d\u00e9ploy\u00e9 en France depuis 2006. Elle permet d&rsquo;informer les consommateurs sur la consommation de carburant et les \u00e9missions de CO2 d&rsquo;un v\u00e9hicule. Inspir\u00e9e du mod\u00e8le des appareils \u00e9lectrom\u00e9nagers, cette \u00e9tiquette est devenue obligatoire pour tous les v\u00e9hicules neufs en vente.<\/p>\n\n\n\n<div style=\"height:30px\" aria-hidden=\"true\" class=\"wp-block-spacer\"><\/div>\n\n\n\n<h3 class=\"wp-block-heading\">Objectifs de l&rsquo;\u00e9tiquette \u00e9nergie<\/h3>\n\n\n\n<ul class=\"wp-block-list\">\n<li>Sensibiliser les acheteurs \u00e0 l&rsquo;impact environnemental des voitures.<\/li>\n\n\n\n<li>Faciliter la comparaison entre diff\u00e9rents mod\u00e8les.<\/li>\n\n\n\n<li>Encourager l&rsquo;achat de v\u00e9hicules plus propres.<\/li>\n<\/ul>\n\n\n\n<p><a href=\"https:\/\/www.groupe-grim.com\/mini\/mini-doccasion\/\">\u00c0 lire : 5 bonnes raisons d&rsquo;acheter une voiture d&rsquo;occasion<\/a><\/p>\n\n\n\n<div style=\"height:30px\" aria-hidden=\"true\" class=\"wp-block-spacer\"><\/div>\n\n\n\n<h3 class=\"wp-block-heading\">Informations pr\u00e9sentes sur l&rsquo;\u00e9tiquette<\/h3>\n\n\n\n<ul class=\"wp-block-list\">\n<li><strong>Consommation de carburant<\/strong> (en litres\/100 km).<\/li>\n\n\n\n<li><strong>\u00c9missions de CO2<\/strong> (en grammes par kilom\u00e8tre).<\/li>\n\n\n\n<li><strong>Classe \u00e9nergie<\/strong> du v\u00e9hicule (de A \u00e0 G).<\/li>\n<\/ul>\n\n\n\n<div style=\"height:30px\" aria-hidden=\"true\" class=\"wp-block-spacer\"><\/div>\n\n\n\n<figure class=\"wp-block-image size-full\"><img loading=\"lazy\" decoding=\"async\" width=\"850\" height=\"478\" src=\"https:\/\/www.groupe-grim.com\/mini\/wp-content\/uploads\/2025\/06\/etiquette-energie-1.jpg\" alt=\"etiquette energie 1\" class=\"wp-image-36366\" srcset=\"https:\/\/www.groupe-grim.com\/mini\/wp-content\/uploads\/2025\/06\/etiquette-energie-1.jpg 850w, https:\/\/www.groupe-grim.com\/mini\/wp-content\/uploads\/2025\/06\/etiquette-energie-1-480x270.jpg 480w\" sizes=\"(min-width: 0px) and (max-width: 480px) 480px, (min-width: 481px) 850px, 100vw\" \/><\/figure>\n\n\n\n<div style=\"height:30px\" aria-hidden=\"true\" class=\"wp-block-spacer\"><\/div>\n\n\n\n<h2 class=\"wp-block-heading\">Quelles sont les classes \u00e9nerg\u00e9tiques des v\u00e9hicules ?<\/h2>\n\n\n\n<div style=\"height:30px\" aria-hidden=\"true\" class=\"wp-block-spacer\"><\/div>\n\n\n\n<p>La classe \u00e9nergie d\u2019un v\u00e9hicule se base principalement sur ses \u00e9missions de CO2. Voici comment ces classes sont d\u00e9finies :<\/p>\n\n\n\n<figure class=\"wp-block-table\"><table class=\"has-fixed-layout\"><tbody><tr><th>Classe<\/th><th>Couleur<\/th><th>Emissions de CO2 (g\/km)<\/th><\/tr><tr><td>A<\/td><td>Vert<\/td><td>&lt; 100<\/td><\/tr><tr><td>B<\/td><td>Vert clair<\/td><td>101 &#8211; 120<\/td><\/tr><tr><td>C<\/td><td>Jaune clair<\/td><td>121 &#8211; 140<\/td><\/tr><tr><td>D<\/td><td>Jaune<\/td><td>141 &#8211; 160<\/td><\/tr><tr><td>E<\/td><td>Orange clair<\/td><td>161 &#8211; 200<\/td><\/tr><tr><td>F<\/td><td>Orange fonc\u00e9<\/td><td>201 &#8211; 250<\/td><\/tr><tr><td>G<\/td><td>Rouge<\/td><td>&gt; 250<\/td><\/tr><\/tbody><\/table><\/figure>\n\n\n\n<p>Plus la lettre est proche de A, plus le v\u00e9hicule est consid\u00e9r\u00e9 comme sobre et respectueux de l\u2019environnement.<\/p>\n\n\n\n<div style=\"height:30px\" aria-hidden=\"true\" class=\"wp-block-spacer\"><\/div>\n\n\n\n<h2 class=\"wp-block-heading\">Classement \u00e9nergie et \u00e9missions de CO2<\/h2>\n\n\n\n<div style=\"height:30px\" aria-hidden=\"true\" class=\"wp-block-spacer\"><\/div>\n\n\n\n<p>Le crit\u00e8re principal du classement \u00e9nergie reste les \u00e9missions de CO2. En effet, ces \u00e9missions sont directement li\u00e9es \u00e0 la consommation de carburant. Plus un v\u00e9hicule consomme, plus il \u00e9met de CO2.<\/p>\n\n\n\n<div style=\"height:30px\" aria-hidden=\"true\" class=\"wp-block-spacer\"><\/div>\n\n\n\n<h3 class=\"wp-block-heading\">Pourquoi le CO2 est-il important ?<\/h3>\n\n\n\n<p>Le dioxyde de carbone est un gaz \u00e0 effet de serre majeur, responsable du r\u00e9chauffement climatique. R\u00e9duire les \u00e9missions de CO2 des transports est un objectif cl\u00e9 pour la France.<\/p>\n\n\n\n<div style=\"height:30px\" aria-hidden=\"true\" class=\"wp-block-spacer\"><\/div>\n\n\n\n<h3 class=\"wp-block-heading\">Liens avec la politique environnementale<\/h3>\n\n\n\n<ul class=\"wp-block-list\">\n<li><strong>Bonus-malus \u00e9cologique<\/strong> : les v\u00e9hicules propres peuvent b\u00e9n\u00e9ficier d&rsquo;un bonus, alors que les plus polluants sont tax\u00e9s.<\/li>\n\n\n\n<li><strong>Vignette Crit&rsquo;Air<\/strong> : les voitures ayant une faible \u00e9mission de CO2 obtiennent une meilleure classification ce qui permet \u00e0 leur propri\u00e9taire d&rsquo;acc\u00e9der \u00e0 un plus grand nombre de zones de circulation (dans les villes appliquant la politique Crit&rsquo;Air)<\/li>\n<\/ul>\n\n\n\n<div style=\"height:30px\" aria-hidden=\"true\" class=\"wp-block-spacer\"><\/div>\n\n\n\n<h2 class=\"wp-block-heading\">Quelle est la diff\u00e9rence entre \u00e9tiquette \u00e9nergie et vignette Crit&rsquo;Air ?<\/h2>\n\n\n\n<div style=\"height:30px\" aria-hidden=\"true\" class=\"wp-block-spacer\"><\/div>\n\n\n\n<p>Il ne faut pas confondre l&rsquo;<a href=\"https:\/\/www.grim-occasion.com\/conseils-et-actualites\/guide\/carburant\/etiquette-energie\/\" target=\"_blank\" rel=\"noopener\">\u00e9tiquette \u00e9nergie<\/a> avec la <a href=\"https:\/\/www.certificat-air.gouv.fr\/\" target=\"_blank\" rel=\"noopener\">vignette Crit&rsquo;Air<\/a>. Voici les principales diff\u00e9rences :<\/p>\n\n\n\n<figure class=\"wp-block-table\"><table class=\"has-fixed-layout\"><tbody><tr><td>Crit\u00e8re<\/td><td>\u00c9tiquette \u00e9nergie<\/td><td>Vignette Crit&rsquo;Air<\/td><\/tr><tr><td>Objectif<\/td><td>Donner une information \u00e0 l&rsquo;acheteur et d\u00e9finir un bonus \/ malus \u00e9cologique<\/td><td>Restreindre la circulation dans certaines zones aux v\u00e9hicules cat\u00e9goris\u00e9s comme trop polluants<\/td><\/tr><tr><td>Bas\u00e9 sur<\/td><td>\u00c9missions de CO2<\/td><td>Norme Euro et motorisation<\/td><\/tr><tr><td>Obligatoire pour<\/td><td>V\u00e9hicules neufs<\/td><td>Tous les v\u00e9hicules<\/td><\/tr><tr><td>Format<\/td><td>Affiche en showroom\/site web<\/td><td>Autocollant pare-brise<\/td><\/tr><\/tbody><\/table><\/figure>\n\n\n\n<div style=\"height:30px\" aria-hidden=\"true\" class=\"wp-block-spacer\"><\/div>\n\n\n\n<h2 class=\"wp-block-heading\">Comment utiliser l&rsquo;\u00e9tiquette \u00e9nergie pour bien choisir ?<\/h2>\n\n\n\n<div style=\"height:30px\" aria-hidden=\"true\" class=\"wp-block-spacer\"><\/div>\n\n\n\n<p>Pour les automobilistes soucieux de leur impact environnemental, l&rsquo;\u00e9tiquette est un outil de d\u00e9cision pr\u00e9cieux.<\/p>\n\n\n\n<div style=\"height:30px\" aria-hidden=\"true\" class=\"wp-block-spacer\"><\/div>\n\n\n\n<h3 class=\"wp-block-heading\">Crit\u00e8res \u00e0 prendre en compte :<\/h3>\n\n\n\n<ul class=\"wp-block-list\">\n<li><strong>Type de trajets<\/strong> : urbains, mixtes ou longs<\/li>\n\n\n\n<li><strong>Motorisation<\/strong> : essence, diesel, hybride, \u00e9lectrique<\/li>\n\n\n\n<li><strong>Classe \u00e9nergie<\/strong> : viser les cat\u00e9gories A ou B pour une meilleure efficacit\u00e9.<\/li>\n<\/ul>\n\n\n\n<div style=\"height:30px\" aria-hidden=\"true\" class=\"wp-block-spacer\"><\/div>\n\n\n\n<h3 class=\"wp-block-heading\">Avantages d&rsquo;un bon classement :<\/h3>\n\n\n\n<ul class=\"wp-block-list\">\n<li>R\u00e9duction de la consommation de carburant.<\/li>\n\n\n\n<li>Moindre impact environnemental.<\/li>\n\n\n\n<li>Acc\u00e8s facilit\u00e9 aux zones \u00e0 faibles \u00e9missions.<\/li>\n\n\n\n<li>Bonus \u00e9cologique potentiel.<\/li>\n<\/ul>\n\n\n\n<div style=\"height:30px\" aria-hidden=\"true\" class=\"wp-block-spacer\"><\/div>\n\n\n\n<h2 class=\"wp-block-heading\">Bonus et malus \u00e9cologiques : quel impact ?<\/h2>\n\n\n\n<div style=\"height:30px\" aria-hidden=\"true\" class=\"wp-block-spacer\"><\/div>\n\n\n\n<p>Le <strong>bonus-malus \u00e9cologique<\/strong> est un syst\u00e8me incitatif pour orienter les acheteurs vers des v\u00e9hicules moins polluants.<\/p>\n\n\n\n<div style=\"height:30px\" aria-hidden=\"true\" class=\"wp-block-spacer\"><\/div>\n\n\n\n<h3 class=\"wp-block-heading\">Bar\u00e8me 2025 (exemple indicatif) :<\/h3>\n\n\n\n<ul class=\"wp-block-list\">\n<li><strong>Bonus<\/strong> : jusqu&rsquo;\u00e0 4 000 \u20ac pour un v\u00e9hicule \u00e9lectrique.<\/li>\n\n\n\n<li><strong>Malus<\/strong> : jusqu&rsquo;\u00e0 70 000 \u20ac pour un v\u00e9hicule tr\u00e8s polluant (> 225 g CO2\/km).<\/li>\n<\/ul>\n\n\n\n<p>Ces montants varient selon la politique en vigueur, il est donc important de se renseigner au moment de l&rsquo;achat. Retrouvez toutes les informations l\u00e9gales <a href=\"https:\/\/www.service-public.fr\/particuliers\/actualites\/A17079\" target=\"_blank\" rel=\"noopener\">ici<\/a>.<\/p>\n\n\n\n<div style=\"height:30px\" aria-hidden=\"true\" class=\"wp-block-spacer\"><\/div>\n\n\n\n<h2 class=\"wp-block-heading\">\u00c9tiquette \u00e9nergie et v\u00e9hicules \u00e9lectriques<\/h2>\n\n\n\n<div style=\"height:30px\" aria-hidden=\"true\" class=\"wp-block-spacer\"><\/div>\n\n\n\n<p>Les v\u00e9hicules 100 % \u00e9lectriques sont class\u00e9s en cat\u00e9gorie A car ils n&rsquo;\u00e9mettent pas de CO2 \u00e0 l&rsquo;usage.<\/p>\n\n\n\n<div style=\"height:30px\" aria-hidden=\"true\" class=\"wp-block-spacer\"><\/div>\n\n\n\n<h3 class=\"wp-block-heading\">Int\u00e9r\u00eats pour l&rsquo;utilisateur :<\/h3>\n\n\n\n<ul class=\"wp-block-list\">\n<li>Z\u00e9ro \u00e9mission locale.<\/li>\n\n\n\n<li>Acc\u00e8s sans restriction aux centres-villes.<\/li>\n\n\n\n<li>Co\u00fbts d&rsquo;usage r\u00e9duits.<\/li>\n<\/ul>\n\n\n\n<p><a href=\"https:\/\/www.groupe-grim.com\/mini\/prix-plein-dune-voiture-electrique\/\">\u00c0 lire : Combien co\u00fbte le plein d&rsquo;une voiture \u00e9lectrique en 2025 ?<\/a><\/p>\n\n\n\n<div style=\"height:30px\" aria-hidden=\"true\" class=\"wp-block-spacer\"><\/div>\n\n\n\n<h2 class=\"wp-block-heading\">Conclusion<\/h2>\n\n\n\n<div style=\"height:30px\" aria-hidden=\"true\" class=\"wp-block-spacer\"><\/div>\n\n\n\n<p>L&rsquo;<strong>\u00e9tiquette \u00e9nergie d&rsquo;un v\u00e9hicule<\/strong> est bien plus qu&rsquo;une obligation d&rsquo;affichage pour les concessionnaires : c&rsquo;est un v\u00e9ritable outil d&rsquo;aide \u00e0 la d\u00e9cision. Que vous recherchiez une citadine pour vos trajets urbains ou un SUV familial, prendre en compte la classe \u00e9nergie vous permettra de rouler plus vert, plus \u00e9conomique, et parfois de profiter d&rsquo;aides financi\u00e8res int\u00e9ressantes.<\/p>\n\n\n\n<div style=\"height:30px\" aria-hidden=\"true\" class=\"wp-block-spacer\"><\/div>\n\n\n\n<h2 class=\"wp-block-heading\">Besoin de conseils pour bien choisir votre prochaine MINI ?<\/h2>\n\n\n\n<div style=\"height:30px\" aria-hidden=\"true\" class=\"wp-block-spacer\"><\/div>\n\n\n\n<p>Nos MINI Stores \u00e0 Albi, Rodez, Montpellier, Aurillac, Valence et Mont\u00e9limar vous accompagnent dans votre projet. Contactez-nous pour une estimation, un essai ou un devis personnalis\u00e9.<\/p>\n\n\n\n<div style=\"height:30px\" aria-hidden=\"true\" class=\"wp-block-spacer\"><\/div>\n\n\n\n<div class=\"wp-block-buttons is-content-justification-center is-layout-flex wp-container-core-buttons-is-layout-16018d1d wp-block-buttons-is-layout-flex\">\n<div class=\"wp-block-button\"><a class=\"wp-block-button__link wp-element-button\" href=\"https:\/\/groupe-grim.com\/rendez-vous\/?brand=mini\"><mark style=\"background-color:rgba(0, 0, 0, 0)\" class=\"has-inline-color has-white-color\">Prendre rdv<\/mark><\/a><\/div>\n<\/div>\n\n\n\n<div style=\"height:100px\" aria-hidden=\"true\" class=\"wp-block-spacer\"><\/div>\n<span class=\"et_bloom_bottom_trigger\"><\/span>","protected":false},"excerpt":{"rendered":"<p>L&rsquo;\u00e9tiquette \u00e9nergie d&rsquo;un v\u00e9hicule est un outil essentiel pour comprendre l&rsquo;impact environnemental d&rsquo;une voiture avant de l&rsquo;acheter. Affich\u00e9e sur les mod\u00e8les neufs en showroom ou sur les sites des constructeurs, elle informe le public sur la consommation de carburant et les \u00e9missions de CO2. Si vous \u00eates novice dans le monde de l&rsquo;automobile, ce guide [&hellip;]<\/p>\n","protected":false},"author":19,"featured_media":36365,"comment_status":"open","ping_status":"open","sticky":false,"template":"","format":"standard","meta":{"_et_pb_use_builder":"off","_et_pb_old_content":"<!-- wp:paragraph -->\n<p>L'<strong>\u00e9tiquette \u00e9nergie d'un v\u00e9hicule<\/strong> est un outil essentiel pour comprendre l'impact environnemental d'une voiture avant de l'acheter. Affich\u00e9e sur les mod\u00e8les neufs en showroom ou sur les sites des constructeurs, elle informe le public sur la consommation de carburant et les \u00e9missions de CO2. <\/p>\n<!-- \/wp:paragraph -->\n\n<!-- wp:paragraph -->\n<p>Si vous \u00eates novice dans le monde de l'automobile, ce guide complet vous expliquera de fa\u00e7on simple et claire ce qu'est une \u00e9tiquette \u00e9nergie de v\u00e9hicule, \u00e0 quoi sert ce classement, et comment l'utiliser pour faire un choix plus \u00e9cologique et \u00e9conomique.<\/p>\n<!-- \/wp:paragraph -->\n\n<!-- wp:spacer {\"height\":\"30px\"} -->\n<div style=\"height:30px\" aria-hidden=\"true\" class=\"wp-block-spacer\"><\/div>\n<!-- \/wp:spacer -->\n\n<!-- wp:heading -->\n<h2 class=\"wp-block-heading\">Qu'est-ce que l'\u00e9tiquette \u00e9nergie d'un v\u00e9hicule ?<\/h2>\n<!-- \/wp:heading -->\n\n<!-- wp:spacer {\"height\":\"30px\"} -->\n<div style=\"height:30px\" aria-hidden=\"true\" class=\"wp-block-spacer\"><\/div>\n<!-- \/wp:spacer -->\n\n<!-- wp:paragraph -->\n<p>L'<strong>\u00e9tiquette \u00e9nergie<\/strong> est un dispositif d\u00e9ploy\u00e9 en France depuis 2006. Elle permet d'informer les consommateurs sur la consommation de carburant et les \u00e9missions de CO2 d'un v\u00e9hicule. Inspir\u00e9e du mod\u00e8le des appareils \u00e9lectrom\u00e9nagers, cette \u00e9tiquette est devenue obligatoire pour tous les v\u00e9hicules neufs en vente.<\/p>\n<!-- \/wp:paragraph -->\n\n<!-- wp:spacer {\"height\":\"30px\"} -->\n<div style=\"height:30px\" aria-hidden=\"true\" class=\"wp-block-spacer\"><\/div>\n<!-- \/wp:spacer -->\n\n<!-- wp:heading {\"level\":3} -->\n<h3 class=\"wp-block-heading\">Objectifs de l'\u00e9tiquette \u00e9nergie<\/h3>\n<!-- \/wp:heading -->\n\n<!-- wp:list -->\n<ul class=\"wp-block-list\"><!-- wp:list-item -->\n<li>Sensibiliser les acheteurs \u00e0 l'impact environnemental des voitures.<\/li>\n<!-- \/wp:list-item -->\n\n<!-- wp:list-item -->\n<li>Faciliter la comparaison entre diff\u00e9rents mod\u00e8les.<\/li>\n<!-- \/wp:list-item -->\n\n<!-- wp:list-item -->\n<li>Encourager l'achat de v\u00e9hicules plus propres.<\/li>\n<!-- \/wp:list-item --><\/ul>\n<!-- \/wp:list -->\n\n<!-- wp:spacer {\"height\":\"30px\"} -->\n<div style=\"height:30px\" aria-hidden=\"true\" class=\"wp-block-spacer\"><\/div>\n<!-- \/wp:spacer -->\n\n<!-- wp:heading {\"level\":3} -->\n<h3 class=\"wp-block-heading\">Informations pr\u00e9sentes sur l'\u00e9tiquette<\/h3>\n<!-- \/wp:heading -->\n\n<!-- wp:list -->\n<ul class=\"wp-block-list\"><!-- wp:list-item -->\n<li><strong>Consommation de carburant<\/strong> (en litres\/100 km).<\/li>\n<!-- \/wp:list-item -->\n\n<!-- wp:list-item -->\n<li><strong>\u00c9missions de CO2<\/strong> (en grammes par kilom\u00e8tre).<\/li>\n<!-- \/wp:list-item -->\n\n<!-- wp:list-item -->\n<li><strong>Classe \u00e9nergie<\/strong> du v\u00e9hicule (de A \u00e0 G).<\/li>\n<!-- \/wp:list-item --><\/ul>\n<!-- \/wp:list -->\n\n<!-- wp:spacer {\"height\":\"30px\"} -->\n<div style=\"height:30px\" aria-hidden=\"true\" class=\"wp-block-spacer\"><\/div>\n<!-- \/wp:spacer -->\n\n<!-- wp:heading -->\n<h2 class=\"wp-block-heading\">Quelles sont les classes \u00e9nerg\u00e9tiques des v\u00e9hicules ?<\/h2>\n<!-- \/wp:heading -->\n\n<!-- wp:spacer {\"height\":\"30px\"} -->\n<div style=\"height:30px\" aria-hidden=\"true\" class=\"wp-block-spacer\"><\/div>\n<!-- \/wp:spacer -->\n\n<!-- wp:paragraph -->\n<p>La classe \u00e9nergie d\u2019un v\u00e9hicule se base principalement sur ses \u00e9missions de CO2. Voici comment ces classes sont d\u00e9finies :<\/p>\n<!-- \/wp:paragraph -->\n\n<!-- wp:table -->\n<figure class=\"wp-block-table\"><table class=\"has-fixed-layout\"><tbody><tr><th>Classe<\/th><th>Couleur<\/th><th>Emissions de CO2 (g\/km)<\/th><\/tr><tr><td>A<\/td><td>Vert<\/td><td>&lt; 100<\/td><\/tr><tr><td>B<\/td><td>Vert clair<\/td><td>101 - 120<\/td><\/tr><tr><td>C<\/td><td>Jaune clair<\/td><td>121 - 140<\/td><\/tr><tr><td>D<\/td><td>Jaune<\/td><td>141 - 160<\/td><\/tr><tr><td>E<\/td><td>Orange clair<\/td><td>161 - 200<\/td><\/tr><tr><td>F<\/td><td>Orange fonc\u00e9<\/td><td>201 - 250<\/td><\/tr><tr><td>G<\/td><td>Rouge<\/td><td>&gt; 250<\/td><\/tr><\/tbody><\/table><\/figure>\n<!-- \/wp:table -->\n\n<!-- wp:paragraph -->\n<p>Plus la lettre est proche de A, plus le v\u00e9hicule est consid\u00e9r\u00e9 comme sobre et respectueux de l\u2019environnement.<\/p>\n<!-- \/wp:paragraph -->\n\n<!-- wp:spacer {\"height\":\"30px\"} -->\n<div style=\"height:30px\" aria-hidden=\"true\" class=\"wp-block-spacer\"><\/div>\n<!-- \/wp:spacer -->\n\n<!-- wp:heading -->\n<h2 class=\"wp-block-heading\">Classement \u00e9nergie et \u00e9missions de CO2<\/h2>\n<!-- \/wp:heading -->\n\n<!-- wp:spacer {\"height\":\"30px\"} -->\n<div style=\"height:30px\" aria-hidden=\"true\" class=\"wp-block-spacer\"><\/div>\n<!-- \/wp:spacer -->\n\n<!-- wp:paragraph -->\n<p>Le crit\u00e8re principal du classement \u00e9nergie reste les \u00e9missions de CO2. En effet, ces \u00e9missions sont directement li\u00e9es \u00e0 la consommation de carburant. Plus un v\u00e9hicule consomme, plus il \u00e9met de CO2.<\/p>\n<!-- \/wp:paragraph -->\n\n<!-- wp:spacer {\"height\":\"30px\"} -->\n<div style=\"height:30px\" aria-hidden=\"true\" class=\"wp-block-spacer\"><\/div>\n<!-- \/wp:spacer -->\n\n<!-- wp:heading {\"level\":3} -->\n<h3 class=\"wp-block-heading\">Pourquoi le CO2 est-il important ?<\/h3>\n<!-- \/wp:heading -->\n\n<!-- wp:paragraph -->\n<p>Le dioxyde de carbone est un gaz \u00e0 effet de serre majeur, responsable du r\u00e9chauffement climatique. R\u00e9duire les \u00e9missions de CO2 des transports est un objectif cl\u00e9 pour la France.<\/p>\n<!-- \/wp:paragraph -->\n\n<!-- wp:spacer {\"height\":\"30px\"} -->\n<div style=\"height:30px\" aria-hidden=\"true\" class=\"wp-block-spacer\"><\/div>\n<!-- \/wp:spacer -->\n\n<!-- wp:heading {\"level\":3} -->\n<h3 class=\"wp-block-heading\">Liens avec la politique environnementale<\/h3>\n<!-- \/wp:heading -->\n\n<!-- wp:list -->\n<ul class=\"wp-block-list\"><!-- wp:list-item -->\n<li><strong>Bonus-malus \u00e9cologique<\/strong> : les v\u00e9hicules propres peuvent b\u00e9n\u00e9ficier d'un bonus, alors que les plus polluants sont tax\u00e9s.<\/li>\n<!-- \/wp:list-item -->\n\n<!-- wp:list-item -->\n<li><strong>Vignette Crit'Air<\/strong> : les voitures ayant une faible \u00e9mission de CO2 obtiennent une meilleure classification.<\/li>\n<!-- \/wp:list-item --><\/ul>\n<!-- \/wp:list -->\n\n<!-- wp:spacer {\"height\":\"30px\"} -->\n<div style=\"height:30px\" aria-hidden=\"true\" class=\"wp-block-spacer\"><\/div>\n<!-- \/wp:spacer -->\n\n<!-- wp:heading -->\n<h2 class=\"wp-block-heading\">Quelle est la diff\u00e9rence entre \u00e9tiquette \u00e9nergie et vignette Crit'Air ?<\/h2>\n<!-- \/wp:heading -->\n\n<!-- wp:spacer {\"height\":\"30px\"} -->\n<div style=\"height:30px\" aria-hidden=\"true\" class=\"wp-block-spacer\"><\/div>\n<!-- \/wp:spacer -->\n\n<!-- wp:paragraph -->\n<p>Il ne faut pas confondre l'\u00e9tiquette \u00e9nergie avec la vignette Crit'Air. Voici les principales diff\u00e9rences :<\/p>\n<!-- \/wp:paragraph -->\n\n<!-- wp:table -->\n<figure class=\"wp-block-table\"><table class=\"has-fixed-layout\"><tbody><tr><td>Crit\u00e8re<\/td><td>\u00c9tiquette \u00e9nergie<\/td><td>Vignette Crit'Air<\/td><\/tr><tr><td>Objectif<\/td><td>Information \u00e9cologique<\/td><td>Acc\u00e8s \u00e0 la circulation<\/td><\/tr><tr><td>Bas\u00e9 sur<\/td><td>\u00c9missions de CO2<\/td><td>Norme Euro et motorisation<\/td><\/tr><tr><td>Obligatoire pour<\/td><td>V\u00e9hicules neufs<\/td><td>Tous les v\u00e9hicules<\/td><\/tr><tr><td>Format<\/td><td>Affiche en showroom\/site web<\/td><td>Autocollant pare-brise<\/td><\/tr><\/tbody><\/table><\/figure>\n<!-- \/wp:table -->\n\n<!-- wp:spacer {\"height\":\"30px\"} -->\n<div style=\"height:30px\" aria-hidden=\"true\" class=\"wp-block-spacer\"><\/div>\n<!-- \/wp:spacer -->\n\n<!-- wp:heading -->\n<h2 class=\"wp-block-heading\">Comment utiliser l'\u00e9tiquette \u00e9nergie pour bien choisir ?<\/h2>\n<!-- \/wp:heading -->\n\n<!-- wp:spacer {\"height\":\"30px\"} -->\n<div style=\"height:30px\" aria-hidden=\"true\" class=\"wp-block-spacer\"><\/div>\n<!-- \/wp:spacer -->\n\n<!-- wp:paragraph -->\n<p>Pour les automobilistes soucieux de leur impact environnemental, l'\u00e9tiquette est un outil de d\u00e9cision pr\u00e9cieux.<\/p>\n<!-- \/wp:paragraph -->\n\n<!-- wp:spacer {\"height\":\"30px\"} -->\n<div style=\"height:30px\" aria-hidden=\"true\" class=\"wp-block-spacer\"><\/div>\n<!-- \/wp:spacer -->\n\n<!-- wp:heading {\"level\":3} -->\n<h3 class=\"wp-block-heading\">Crit\u00e8res \u00e0 prendre en compte :<\/h3>\n<!-- \/wp:heading -->\n\n<!-- wp:list -->\n<ul class=\"wp-block-list\"><!-- wp:list-item -->\n<li><strong>Type de trajets<\/strong> : urbains, mixtes ou longs ?<\/li>\n<!-- \/wp:list-item -->\n\n<!-- wp:list-item -->\n<li><strong>Motorisation<\/strong> : essence, diesel, hybride, \u00e9lectrique ?<\/li>\n<!-- \/wp:list-item -->\n\n<!-- wp:list-item -->\n<li><strong>Classe \u00e9nergie<\/strong> : viser les cat\u00e9gories A ou B pour une meilleure efficacit\u00e9.<\/li>\n<!-- \/wp:list-item --><\/ul>\n<!-- \/wp:list -->\n\n<!-- wp:spacer {\"height\":\"30px\"} -->\n<div style=\"height:30px\" aria-hidden=\"true\" class=\"wp-block-spacer\"><\/div>\n<!-- \/wp:spacer -->\n\n<!-- wp:heading {\"level\":3} -->\n<h3 class=\"wp-block-heading\">Avantages d'un bon classement :<\/h3>\n<!-- \/wp:heading -->\n\n<!-- wp:list -->\n<ul class=\"wp-block-list\"><!-- wp:list-item -->\n<li>R\u00e9duction de la consommation de carburant.<\/li>\n<!-- \/wp:list-item -->\n\n<!-- wp:list-item -->\n<li>Moindre impact environnemental.<\/li>\n<!-- \/wp:list-item -->\n\n<!-- wp:list-item -->\n<li>Acc\u00e8s facilit\u00e9 aux zones \u00e0 faibles \u00e9missions.<\/li>\n<!-- \/wp:list-item -->\n\n<!-- wp:list-item -->\n<li>Bonus \u00e9cologique potentiel.<\/li>\n<!-- \/wp:list-item --><\/ul>\n<!-- \/wp:list -->\n\n<!-- wp:spacer {\"height\":\"30px\"} -->\n<div style=\"height:30px\" aria-hidden=\"true\" class=\"wp-block-spacer\"><\/div>\n<!-- \/wp:spacer -->\n\n<!-- wp:heading -->\n<h2 class=\"wp-block-heading\">Bonus et malus \u00e9cologiques : quel impact ?<\/h2>\n<!-- \/wp:heading -->\n\n<!-- wp:spacer {\"height\":\"30px\"} -->\n<div style=\"height:30px\" aria-hidden=\"true\" class=\"wp-block-spacer\"><\/div>\n<!-- \/wp:spacer -->\n\n<!-- wp:paragraph -->\n<p>Le <strong>bonus-malus \u00e9cologique<\/strong> est un syst\u00e8me incitatif pour orienter les acheteurs vers des v\u00e9hicules moins polluants.<\/p>\n<!-- \/wp:paragraph -->\n\n<!-- wp:spacer {\"height\":\"30px\"} -->\n<div style=\"height:30px\" aria-hidden=\"true\" class=\"wp-block-spacer\"><\/div>\n<!-- \/wp:spacer -->\n\n<!-- wp:heading {\"level\":3} -->\n<h3 class=\"wp-block-heading\">Bar\u00e8me 2025 (exemple indicatif) :<\/h3>\n<!-- \/wp:heading -->\n\n<!-- wp:list -->\n<ul class=\"wp-block-list\"><!-- wp:list-item -->\n<li><strong>Bonus<\/strong> : jusqu'\u2019\u00e0 4 000 \u20ac pour un v\u00e9hicule \u00e9lectrique.<\/li>\n<!-- \/wp:list-item -->\n\n<!-- wp:list-item -->\n<li><strong>Malus<\/strong> : jusqu'\u2019\u00e0 60 000 \u20ac pour un v\u00e9hicule tr\u00e8s polluant (> 225 g CO2\/km).<\/li>\n<!-- \/wp:list-item --><\/ul>\n<!-- \/wp:list -->\n\n<!-- wp:paragraph -->\n<p>Ces montants varient selon la politique en vigueur, il est donc important de se renseigner au moment de l'achat.<\/p>\n<!-- \/wp:paragraph -->\n\n<!-- wp:spacer {\"height\":\"30px\"} -->\n<div style=\"height:30px\" aria-hidden=\"true\" class=\"wp-block-spacer\"><\/div>\n<!-- \/wp:spacer -->\n\n<!-- wp:heading -->\n<h2 class=\"wp-block-heading\">\u00c9tiquette \u00e9nergie et v\u00e9hicules \u00e9lectriques<\/h2>\n<!-- \/wp:heading -->\n\n<!-- wp:spacer {\"height\":\"30px\"} -->\n<div style=\"height:30px\" aria-hidden=\"true\" class=\"wp-block-spacer\"><\/div>\n<!-- \/wp:spacer -->\n\n<!-- wp:paragraph -->\n<p>Les v\u00e9hicules 100 % \u00e9lectriques sont g\u00e9n\u00e9ralement class\u00e9s en cat\u00e9gorie A car ils n'\u00e9mettent pas de CO2 \u00e0 l'usage.<\/p>\n<!-- \/wp:paragraph -->\n\n<!-- wp:spacer {\"height\":\"30px\"} -->\n<div style=\"height:30px\" aria-hidden=\"true\" class=\"wp-block-spacer\"><\/div>\n<!-- \/wp:spacer -->\n\n<!-- wp:heading {\"level\":3} -->\n<h3 class=\"wp-block-heading\">Int\u00e9r\u00eats pour l'utilisateur :<\/h3>\n<!-- \/wp:heading -->\n\n<!-- wp:list -->\n<ul class=\"wp-block-list\"><!-- wp:list-item -->\n<li>Z\u00e9ro \u00e9mission locale.<\/li>\n<!-- \/wp:list-item -->\n\n<!-- wp:list-item -->\n<li>Acc\u00e8s sans restriction aux centres-villes.<\/li>\n<!-- \/wp:list-item -->\n\n<!-- wp:list-item -->\n<li>Co\u00fbts d'usage r\u00e9duits.<\/li>\n<!-- \/wp:list-item --><\/ul>\n<!-- \/wp:list -->\n\n<!-- wp:spacer {\"height\":\"30px\"} -->\n<div style=\"height:30px\" aria-hidden=\"true\" class=\"wp-block-spacer\"><\/div>\n<!-- \/wp:spacer -->\n\n<!-- wp:heading -->\n<h2 class=\"wp-block-heading\">Conclusion<\/h2>\n<!-- \/wp:heading -->\n\n<!-- wp:spacer {\"height\":\"30px\"} -->\n<div style=\"height:30px\" aria-hidden=\"true\" class=\"wp-block-spacer\"><\/div>\n<!-- \/wp:spacer -->\n\n<!-- wp:paragraph -->\n<p>L'\u00e9tiquette \u00e9nergie d'un v\u00e9hicule est bien plus qu'un simple autocollant : c'est un v\u00e9ritable outil d'aide \u00e0 la d\u00e9cision. Que vous recherchiez une citadine pour vos trajets urbains ou un SUV familial, prendre en compte la classe \u00e9nergie vous permettra de rouler plus vert, plus \u00e9conomique, et parfois de profiter d'aides financi\u00e8res int\u00e9ressantes.<\/p>\n<!-- \/wp:paragraph -->\n\n<!-- wp:spacer {\"height\":\"30px\"} -->\n<div style=\"height:30px\" aria-hidden=\"true\" class=\"wp-block-spacer\"><\/div>\n<!-- \/wp:spacer -->\n\n<!-- wp:heading -->\n<h2 class=\"wp-block-heading\">Besoin de conseils pour bien choisir votre prochaine MINI ?<\/h2>\n<!-- \/wp:heading -->\n\n<!-- wp:spacer {\"height\":\"30px\"} -->\n<div style=\"height:30px\" aria-hidden=\"true\" class=\"wp-block-spacer\"><\/div>\n<!-- \/wp:spacer -->\n\n<!-- wp:paragraph -->\n<p>Nos MINI Stores \u00e0 Albi, Rodez, Montpellier, Aurillac, Valence et Mont\u00e9limar vous accompagnent dans votre projet. Contactez-nous pour une estimation, un essai ou un devis personnalis\u00e9.<\/p>\n<!-- \/wp:paragraph -->\n\n<!-- wp:spacer {\"height\":\"30px\"} -->\n<div style=\"height:30px\" aria-hidden=\"true\" class=\"wp-block-spacer\"><\/div>\n<!-- \/wp:spacer -->\n\n<!-- wp:buttons {\"layout\":{\"type\":\"flex\",\"justifyContent\":\"center\"}} -->\n<div class=\"wp-block-buttons\"><!-- wp:button -->\n<div class=\"wp-block-button\"><a class=\"wp-block-button__link wp-element-button\" href=\"https:\/\/groupe-grim.com\/rendez-vous\/?brand=mini\"><mark style=\"background-color:rgba(0, 0, 0, 0)\" class=\"has-inline-color has-white-color\">Prendre rdv<\/mark><\/a><\/div>\n<!-- \/wp:button --><\/div>\n<!-- \/wp:buttons -->\n\n<!-- wp:spacer -->\n<div style=\"height:100px\" aria-hidden=\"true\" class=\"wp-block-spacer\"><\/div>\n<!-- \/wp:spacer -->","_et_gb_content_width":"","two_page_speed":[],"footnotes":""},"categories":[118],"tags":[],"class_list":["post-36360","post","type-post","status-publish","format-standard","has-post-thumbnail","hentry","category-actualites"],"_wp_attached_file":null,"_wp_attachment_metadata":null,"grim_slide_texte":null,"grim_slide_link_texte":null,"grim_slide_vignette":null,"_yoast_wpseo_primary_category":null,"_et_post_bg_color":"#ffffff","_et_post_bg_layout":"light","_et_pb_show_title":"on","_wp_page_template":null,"_wp_attachment_image_alt":null,"_yoast_wpseo_linkdex":null,"_yoast_wpseo_focuskw":null,"_yoast_wpseo_focuskw_text_input":null,"_oembed_e28bbc45d448e8d14d232c196280a335":null,"rank_math_focus_keyword":"\u00e9tiquette \u00e9nergie","_oembed_f3ea99c2b15d363d8d7ed306868aee7b":null,"_wp_attachment_backup_sizes":null,"_oembed_time_45934f0dac07a9c8a70af95b20d0fb47":null,"_oembed_15ee3e07b9aaee1ddb6e598d0e30ecdc":null,"_oembed_5f636f9186e517d6c5ae19c114d815d8":null,"_oembed_332e17b0b868f0d2ca2b4239a2ecbf89":null,"_oembed_time_332e17b0b868f0d2ca2b4239a2ecbf89":null,"_oembed_time_8eed59038852442af6234ece6bda5305":null,"_oembed_900b1c9c38d26b49515918f0c2902fcb":null,"_menu_item_type":null,"_menu_item_menu_item_parent":null,"_menu_item_object_id":null,"_menu_item_object":null,"_menu_item_target":null,"_menu_item_classes":null,"_menu_item_xfn":null,"_menu_item_url":null,"_imagify_data":null,"_imagify_optimization_level":null,"_imagify_status":null,"_oembed_1775c7ce83a56c07638a8209769631d0":null,"_oembed_45934f0dac07a9c8a70af95b20d0fb47":null,"_oembed_8eed59038852442af6234ece6bda5305":null,"_oembed_time_5f636f9186e517d6c5ae19c114d815d8":null,"_kksr_ips":null,"_kksr_casts":null,"_kksr_avg":null,"_kksr_ratings":null,"enclosure":null,"_oembed_bdd181a84b6fae5295d441a3386436d0":null,"_oembed_time_bdd181a84b6fae5295d441a3386436d0":null,"_oembed_8135f2d78b2fba554e8456d75659603c":null,"_oembed_time_8135f2d78b2fba554e8456d75659603c":null,"_oembed_4a189680089f5f4f20ad2026ad904d5f":null,"_oembed_3a188dc0127027267fe3a2ab146b9e11":null,"_oembed_time_3a188dc0127027267fe3a2ab146b9e11":null,"_oembed_01c3f749fd9f78ea32a7b75879fbe29c":null,"_oembed_time_01c3f749fd9f78ea32a7b75879fbe29c":null,"_kksr_status":null,"rank_math_primary_category":null,"wp-smpro-smush-data":null,"_oembed_308756b570f0dd9580888b92e351a12d":null,"_oembed_time_308756b570f0dd9580888b92e351a12d":null,"rank_math_rich_snippet":null,"_oembed_a3855a50b612a99daf26bdd712c82908":null,"_oembed_time_a3855a50b612a99daf26bdd712c82908":null,"_oembed_5089c138e0b9678d42d1fa07dcde0795":null,"_oembed_time_5089c138e0b9678d42d1fa07dcde0795":null,"_oembed_32a0ce86adff33c4cbdcedbe967b218c":null,"_oembed_time_32a0ce86adff33c4cbdcedbe967b218c":null,"_oembed_683537a266750740e69452f25387fba2":null,"_oembed_time_683537a266750740e69452f25387fba2":null,"_oembed_4f38870819e220e4bd72756cf5774627":null,"_oembed_time_4f38870819e220e4bd72756cf5774627":null,"sg_popup_options_preview":null,"sg_popup_events_preview":null,"sg_popup_options":null,"sg_popup_target":null,"wp-smush-animated":null,"sg_popup_events":null,"rank_math_schema_Article":null,"sg_popup_scripts":null,"_et_autogenerated_title":null,"_et_footer_layout_enabled":null,"_et_use_on":null,"_et_footer_layout_id":null,"_et_default":null,"_et_enabled":null,"_et_header_layout_id":null,"_et_header_layout_enabled":null,"_et_body_layout_id":null,"_et_body_layout_enabled":null,"_lwptoc_settings":null,"_pingme":null,"_encloseme":null,"rank_math_permalink":null,"rank_math_advanced_robots":null,"rank_math_facebook_enable_image_overlay":null,"rank_math_facebook_image_overlay":null,"rank_math_twitter_use_facebook":null,"rank_math_twitter_card_type":null,"rank_math_twitter_enable_image_overlay":null,"rank_math_twitter_image_overlay":null,"_sgpb_original":null,"_et_template":null,"_oembed_4241a203663ddea0994b8d25c4f45399":null,"_oembed_time_4241a203663ddea0994b8d25c4f45399":null,"_oembed_e1a643b31cd166ddfdd1ca9897cb6727":null,"_oembed_time_e1a643b31cd166ddfdd1ca9897cb6727":null,"_oembed_3933f8eff235e1b065451cfce2c7a2d6":null,"_oembed_e745bb4a3e3ff4fc31bb8d81303bb995":null,"_oembed_time_e745bb4a3e3ff4fc31bb8d81303bb995":null,"_oembed_9cf81e2cbe4dada495333e9e954e03ca":null,"_oembed_time_9cf81e2cbe4dada495333e9e954e03ca":null,"_oembed_f10b92a93ba5d4f7ae27cd625e645a6f":null,"_oembed_time_f10b92a93ba5d4f7ae27cd625e645a6f":null,"_oembed_5de83103db5e2843751a5ab7dd73edfa":null,"_oembed_time_5de83103db5e2843751a5ab7dd73edfa":null,"_oembed_7af681f4c6ea19e48cdba073e8631beb":null,"_oembed_time_7af681f4c6ea19e48cdba073e8631beb":null,"_oembed_e33b01692bd5d1a3b670e16e98d811ec":null,"_oembed_time_e33b01692bd5d1a3b670e16e98d811ec":null,"_oembed_faff2476c94e44d9ca6745c9515e6d1c":null,"_menu_sgpb_popup_id":null,"_oembed_time_e2fcc296ce87598a8c944a6af8fce8f7":null,"rank_math_contentai_score":null,"_wp_attachment_context":null,"two_page_speed":[],"_oembed_time_fbadc539407c213c59cf470853651576":null,"_oembed_25dabaa02f3888d1ab4453075e18c026":null,"_oembed_time_25dabaa02f3888d1ab4453075e18c026":null,"_oembed_5e4d3a944cc5651a20544b1490813239":null,"_oembed_time_5e4d3a944cc5651a20544b1490813239":null,"_oembed_b705eb7f7c1dc8e6395f5330eadb525a":null,"_oembed_time_b705eb7f7c1dc8e6395f5330eadb525a":null,"_oembed_3fd93a5eba72062bd8cbdb3ca61cbcda":null,"_oembed_time_3fd93a5eba72062bd8cbdb3ca61cbcda":null,"two_critical_pages":null,"_oembed_8af7802e91f58f03d03b4389e6eb5373":null,"_oembed_time_8af7802e91f58f03d03b4389e6eb5373":null,"_oembed_fbadc539407c213c59cf470853651576":null,"_oembed_time_3933f8eff235e1b065451cfce2c7a2d6":null,"_oembed_1c1a8dd95995b03dca92f76ebd096c38":null,"_oembed_time_1c1a8dd95995b03dca92f76ebd096c38":null,"_oembed_e2fcc296ce87598a8c944a6af8fce8f7":null,"_oembed_b918ddad953dcbcd85f819caef906060":null,"_oembed_28f5d79ad88474795ab2999e5d2b7b4a":null,"_oembed_time_28f5d79ad88474795ab2999e5d2b7b4a":null,"_oembed_bbd5befff36d4e2199fbdb931ccfcc57":null,"_oembed_time_bbd5befff36d4e2199fbdb931ccfcc57":null,"_oembed_7958cabe5d45e4969a09c86c9435f32d":null,"_oembed_time_7958cabe5d45e4969a09c86c9435f32d":null,"_oembed_912eb4637ad95bd65ba1121293ff353d":null,"_oembed_time_912eb4637ad95bd65ba1121293ff353d":null,"_edit_lock":"1749569660:19","_edit_last":"19","_wp_old_slug":null,"rank_math_robots":null,"_et_pb_side_nav":"off","_et_pb_use_builder":"off","_et_pb_ab_bounce_rate_limit":null,"_et_pb_ab_stats_refresh_interval":null,"_et_pb_old_content":"<!-- wp:paragraph -->\n<p>L'<strong>\u00e9tiquette \u00e9nergie d'un v\u00e9hicule<\/strong> est un outil essentiel pour comprendre l'impact environnemental d'une voiture avant de l'acheter. Affich\u00e9e sur les mod\u00e8les neufs en showroom ou sur les sites des constructeurs, elle informe le public sur la consommation de carburant et les \u00e9missions de CO2. <\/p>\n<!-- \/wp:paragraph -->\n\n<!-- wp:paragraph -->\n<p>Si vous \u00eates novice dans le monde de l'automobile, ce guide complet vous expliquera de fa\u00e7on simple et claire ce qu'est une \u00e9tiquette \u00e9nergie de v\u00e9hicule, \u00e0 quoi sert ce classement, et comment l'utiliser pour faire un choix plus \u00e9cologique et \u00e9conomique.<\/p>\n<!-- \/wp:paragraph -->\n\n<!-- wp:spacer {\"height\":\"30px\"} -->\n<div style=\"height:30px\" aria-hidden=\"true\" class=\"wp-block-spacer\"><\/div>\n<!-- \/wp:spacer -->\n\n<!-- wp:heading -->\n<h2 class=\"wp-block-heading\">Qu'est-ce que l'\u00e9tiquette \u00e9nergie d'un v\u00e9hicule ?<\/h2>\n<!-- \/wp:heading -->\n\n<!-- wp:spacer {\"height\":\"30px\"} -->\n<div style=\"height:30px\" aria-hidden=\"true\" class=\"wp-block-spacer\"><\/div>\n<!-- \/wp:spacer -->\n\n<!-- wp:paragraph -->\n<p>L'<strong>\u00e9tiquette \u00e9nergie<\/strong> est un dispositif d\u00e9ploy\u00e9 en France depuis 2006. Elle permet d'informer les consommateurs sur la consommation de carburant et les \u00e9missions de CO2 d'un v\u00e9hicule. Inspir\u00e9e du mod\u00e8le des appareils \u00e9lectrom\u00e9nagers, cette \u00e9tiquette est devenue obligatoire pour tous les v\u00e9hicules neufs en vente.<\/p>\n<!-- \/wp:paragraph -->\n\n<!-- wp:spacer {\"height\":\"30px\"} -->\n<div style=\"height:30px\" aria-hidden=\"true\" class=\"wp-block-spacer\"><\/div>\n<!-- \/wp:spacer -->\n\n<!-- wp:heading {\"level\":3} -->\n<h3 class=\"wp-block-heading\">Objectifs de l'\u00e9tiquette \u00e9nergie<\/h3>\n<!-- \/wp:heading -->\n\n<!-- wp:list -->\n<ul class=\"wp-block-list\"><!-- wp:list-item -->\n<li>Sensibiliser les acheteurs \u00e0 l'impact environnemental des voitures.<\/li>\n<!-- \/wp:list-item -->\n\n<!-- wp:list-item -->\n<li>Faciliter la comparaison entre diff\u00e9rents mod\u00e8les.<\/li>\n<!-- \/wp:list-item -->\n\n<!-- wp:list-item -->\n<li>Encourager l'achat de v\u00e9hicules plus propres.<\/li>\n<!-- \/wp:list-item --><\/ul>\n<!-- \/wp:list -->\n\n<!-- wp:spacer {\"height\":\"30px\"} -->\n<div style=\"height:30px\" aria-hidden=\"true\" class=\"wp-block-spacer\"><\/div>\n<!-- \/wp:spacer -->\n\n<!-- wp:heading {\"level\":3} -->\n<h3 class=\"wp-block-heading\">Informations pr\u00e9sentes sur l'\u00e9tiquette<\/h3>\n<!-- \/wp:heading -->\n\n<!-- wp:list -->\n<ul class=\"wp-block-list\"><!-- wp:list-item -->\n<li><strong>Consommation de carburant<\/strong> (en litres\/100 km).<\/li>\n<!-- \/wp:list-item -->\n\n<!-- wp:list-item -->\n<li><strong>\u00c9missions de CO2<\/strong> (en grammes par kilom\u00e8tre).<\/li>\n<!-- \/wp:list-item -->\n\n<!-- wp:list-item -->\n<li><strong>Classe \u00e9nergie<\/strong> du v\u00e9hicule (de A \u00e0 G).<\/li>\n<!-- \/wp:list-item --><\/ul>\n<!-- \/wp:list -->\n\n<!-- wp:spacer {\"height\":\"30px\"} -->\n<div style=\"height:30px\" aria-hidden=\"true\" class=\"wp-block-spacer\"><\/div>\n<!-- \/wp:spacer -->\n\n<!-- wp:heading -->\n<h2 class=\"wp-block-heading\">Quelles sont les classes \u00e9nerg\u00e9tiques des v\u00e9hicules ?<\/h2>\n<!-- \/wp:heading -->\n\n<!-- wp:spacer {\"height\":\"30px\"} -->\n<div style=\"height:30px\" aria-hidden=\"true\" class=\"wp-block-spacer\"><\/div>\n<!-- \/wp:spacer -->\n\n<!-- wp:paragraph -->\n<p>La classe \u00e9nergie d\u2019un v\u00e9hicule se base principalement sur ses \u00e9missions de CO2. Voici comment ces classes sont d\u00e9finies :<\/p>\n<!-- \/wp:paragraph -->\n\n<!-- wp:table -->\n<figure class=\"wp-block-table\"><table class=\"has-fixed-layout\"><tbody><tr><th>Classe<\/th><th>Couleur<\/th><th>Emissions de CO2 (g\/km)<\/th><\/tr><tr><td>A<\/td><td>Vert<\/td><td>&lt; 100<\/td><\/tr><tr><td>B<\/td><td>Vert clair<\/td><td>101 - 120<\/td><\/tr><tr><td>C<\/td><td>Jaune clair<\/td><td>121 - 140<\/td><\/tr><tr><td>D<\/td><td>Jaune<\/td><td>141 - 160<\/td><\/tr><tr><td>E<\/td><td>Orange clair<\/td><td>161 - 200<\/td><\/tr><tr><td>F<\/td><td>Orange fonc\u00e9<\/td><td>201 - 250<\/td><\/tr><tr><td>G<\/td><td>Rouge<\/td><td>&gt; 250<\/td><\/tr><\/tbody><\/table><\/figure>\n<!-- \/wp:table -->\n\n<!-- wp:paragraph -->\n<p>Plus la lettre est proche de A, plus le v\u00e9hicule est consid\u00e9r\u00e9 comme sobre et respectueux de l\u2019environnement.<\/p>\n<!-- \/wp:paragraph -->\n\n<!-- wp:spacer {\"height\":\"30px\"} -->\n<div style=\"height:30px\" aria-hidden=\"true\" class=\"wp-block-spacer\"><\/div>\n<!-- \/wp:spacer -->\n\n<!-- wp:heading -->\n<h2 class=\"wp-block-heading\">Classement \u00e9nergie et \u00e9missions de CO2<\/h2>\n<!-- \/wp:heading -->\n\n<!-- wp:spacer {\"height\":\"30px\"} -->\n<div style=\"height:30px\" aria-hidden=\"true\" class=\"wp-block-spacer\"><\/div>\n<!-- \/wp:spacer -->\n\n<!-- wp:paragraph -->\n<p>Le crit\u00e8re principal du classement \u00e9nergie reste les \u00e9missions de CO2. En effet, ces \u00e9missions sont directement li\u00e9es \u00e0 la consommation de carburant. Plus un v\u00e9hicule consomme, plus il \u00e9met de CO2.<\/p>\n<!-- \/wp:paragraph -->\n\n<!-- wp:spacer {\"height\":\"30px\"} -->\n<div style=\"height:30px\" aria-hidden=\"true\" class=\"wp-block-spacer\"><\/div>\n<!-- \/wp:spacer -->\n\n<!-- wp:heading {\"level\":3} -->\n<h3 class=\"wp-block-heading\">Pourquoi le CO2 est-il important ?<\/h3>\n<!-- \/wp:heading -->\n\n<!-- wp:paragraph -->\n<p>Le dioxyde de carbone est un gaz \u00e0 effet de serre majeur, responsable du r\u00e9chauffement climatique. R\u00e9duire les \u00e9missions de CO2 des transports est un objectif cl\u00e9 pour la France.<\/p>\n<!-- \/wp:paragraph -->\n\n<!-- wp:spacer {\"height\":\"30px\"} -->\n<div style=\"height:30px\" aria-hidden=\"true\" class=\"wp-block-spacer\"><\/div>\n<!-- \/wp:spacer -->\n\n<!-- wp:heading {\"level\":3} -->\n<h3 class=\"wp-block-heading\">Liens avec la politique environnementale<\/h3>\n<!-- \/wp:heading -->\n\n<!-- wp:list -->\n<ul class=\"wp-block-list\"><!-- wp:list-item -->\n<li><strong>Bonus-malus \u00e9cologique<\/strong> : les v\u00e9hicules propres peuvent b\u00e9n\u00e9ficier d'un bonus, alors que les plus polluants sont tax\u00e9s.<\/li>\n<!-- \/wp:list-item -->\n\n<!-- wp:list-item -->\n<li><strong>Vignette Crit'Air<\/strong> : les voitures ayant une faible \u00e9mission de CO2 obtiennent une meilleure classification.<\/li>\n<!-- \/wp:list-item --><\/ul>\n<!-- \/wp:list -->\n\n<!-- wp:spacer {\"height\":\"30px\"} -->\n<div style=\"height:30px\" aria-hidden=\"true\" class=\"wp-block-spacer\"><\/div>\n<!-- \/wp:spacer -->\n\n<!-- wp:heading -->\n<h2 class=\"wp-block-heading\">Quelle est la diff\u00e9rence entre \u00e9tiquette \u00e9nergie et vignette Crit'Air ?<\/h2>\n<!-- \/wp:heading -->\n\n<!-- wp:spacer {\"height\":\"30px\"} -->\n<div style=\"height:30px\" aria-hidden=\"true\" class=\"wp-block-spacer\"><\/div>\n<!-- \/wp:spacer -->\n\n<!-- wp:paragraph -->\n<p>Il ne faut pas confondre l'\u00e9tiquette \u00e9nergie avec la vignette Crit'Air. Voici les principales diff\u00e9rences :<\/p>\n<!-- \/wp:paragraph -->\n\n<!-- wp:table -->\n<figure class=\"wp-block-table\"><table class=\"has-fixed-layout\"><tbody><tr><td>Crit\u00e8re<\/td><td>\u00c9tiquette \u00e9nergie<\/td><td>Vignette Crit'Air<\/td><\/tr><tr><td>Objectif<\/td><td>Information \u00e9cologique<\/td><td>Acc\u00e8s \u00e0 la circulation<\/td><\/tr><tr><td>Bas\u00e9 sur<\/td><td>\u00c9missions de CO2<\/td><td>Norme Euro et motorisation<\/td><\/tr><tr><td>Obligatoire pour<\/td><td>V\u00e9hicules neufs<\/td><td>Tous les v\u00e9hicules<\/td><\/tr><tr><td>Format<\/td><td>Affiche en showroom\/site web<\/td><td>Autocollant pare-brise<\/td><\/tr><\/tbody><\/table><\/figure>\n<!-- \/wp:table -->\n\n<!-- wp:spacer {\"height\":\"30px\"} -->\n<div style=\"height:30px\" aria-hidden=\"true\" class=\"wp-block-spacer\"><\/div>\n<!-- \/wp:spacer -->\n\n<!-- wp:heading -->\n<h2 class=\"wp-block-heading\">Comment utiliser l'\u00e9tiquette \u00e9nergie pour bien choisir ?<\/h2>\n<!-- \/wp:heading -->\n\n<!-- wp:spacer {\"height\":\"30px\"} -->\n<div style=\"height:30px\" aria-hidden=\"true\" class=\"wp-block-spacer\"><\/div>\n<!-- \/wp:spacer -->\n\n<!-- wp:paragraph -->\n<p>Pour les automobilistes soucieux de leur impact environnemental, l'\u00e9tiquette est un outil de d\u00e9cision pr\u00e9cieux.<\/p>\n<!-- \/wp:paragraph -->\n\n<!-- wp:spacer {\"height\":\"30px\"} -->\n<div style=\"height:30px\" aria-hidden=\"true\" class=\"wp-block-spacer\"><\/div>\n<!-- \/wp:spacer -->\n\n<!-- wp:heading {\"level\":3} -->\n<h3 class=\"wp-block-heading\">Crit\u00e8res \u00e0 prendre en compte :<\/h3>\n<!-- \/wp:heading -->\n\n<!-- wp:list -->\n<ul class=\"wp-block-list\"><!-- wp:list-item -->\n<li><strong>Type de trajets<\/strong> : urbains, mixtes ou longs ?<\/li>\n<!-- \/wp:list-item -->\n\n<!-- wp:list-item -->\n<li><strong>Motorisation<\/strong> : essence, diesel, hybride, \u00e9lectrique ?<\/li>\n<!-- \/wp:list-item -->\n\n<!-- wp:list-item -->\n<li><strong>Classe \u00e9nergie<\/strong> : viser les cat\u00e9gories A ou B pour une meilleure efficacit\u00e9.<\/li>\n<!-- \/wp:list-item --><\/ul>\n<!-- \/wp:list -->\n\n<!-- wp:spacer {\"height\":\"30px\"} -->\n<div style=\"height:30px\" aria-hidden=\"true\" class=\"wp-block-spacer\"><\/div>\n<!-- \/wp:spacer -->\n\n<!-- wp:heading {\"level\":3} -->\n<h3 class=\"wp-block-heading\">Avantages d'un bon classement :<\/h3>\n<!-- \/wp:heading -->\n\n<!-- wp:list -->\n<ul class=\"wp-block-list\"><!-- wp:list-item -->\n<li>R\u00e9duction de la consommation de carburant.<\/li>\n<!-- \/wp:list-item -->\n\n<!-- wp:list-item -->\n<li>Moindre impact environnemental.<\/li>\n<!-- \/wp:list-item -->\n\n<!-- wp:list-item -->\n<li>Acc\u00e8s facilit\u00e9 aux zones \u00e0 faibles \u00e9missions.<\/li>\n<!-- \/wp:list-item -->\n\n<!-- wp:list-item -->\n<li>Bonus \u00e9cologique potentiel.<\/li>\n<!-- \/wp:list-item --><\/ul>\n<!-- \/wp:list -->\n\n<!-- wp:spacer {\"height\":\"30px\"} -->\n<div style=\"height:30px\" aria-hidden=\"true\" class=\"wp-block-spacer\"><\/div>\n<!-- \/wp:spacer -->\n\n<!-- wp:heading -->\n<h2 class=\"wp-block-heading\">Bonus et malus \u00e9cologiques : quel impact ?<\/h2>\n<!-- \/wp:heading -->\n\n<!-- wp:spacer {\"height\":\"30px\"} -->\n<div style=\"height:30px\" aria-hidden=\"true\" class=\"wp-block-spacer\"><\/div>\n<!-- \/wp:spacer -->\n\n<!-- wp:paragraph -->\n<p>Le <strong>bonus-malus \u00e9cologique<\/strong> est un syst\u00e8me incitatif pour orienter les acheteurs vers des v\u00e9hicules moins polluants.<\/p>\n<!-- \/wp:paragraph -->\n\n<!-- wp:spacer {\"height\":\"30px\"} -->\n<div style=\"height:30px\" aria-hidden=\"true\" class=\"wp-block-spacer\"><\/div>\n<!-- \/wp:spacer -->\n\n<!-- wp:heading {\"level\":3} -->\n<h3 class=\"wp-block-heading\">Bar\u00e8me 2025 (exemple indicatif) :<\/h3>\n<!-- \/wp:heading -->\n\n<!-- wp:list -->\n<ul class=\"wp-block-list\"><!-- wp:list-item -->\n<li><strong>Bonus<\/strong> : jusqu'\u2019\u00e0 4 000 \u20ac pour un v\u00e9hicule \u00e9lectrique.<\/li>\n<!-- \/wp:list-item -->\n\n<!-- wp:list-item -->\n<li><strong>Malus<\/strong> : jusqu'\u2019\u00e0 60 000 \u20ac pour un v\u00e9hicule tr\u00e8s polluant (> 225 g CO2\/km).<\/li>\n<!-- \/wp:list-item --><\/ul>\n<!-- \/wp:list -->\n\n<!-- wp:paragraph -->\n<p>Ces montants varient selon la politique en vigueur, il est donc important de se renseigner au moment de l'achat.<\/p>\n<!-- \/wp:paragraph -->\n\n<!-- wp:spacer {\"height\":\"30px\"} -->\n<div style=\"height:30px\" aria-hidden=\"true\" class=\"wp-block-spacer\"><\/div>\n<!-- \/wp:spacer -->\n\n<!-- wp:heading -->\n<h2 class=\"wp-block-heading\">\u00c9tiquette \u00e9nergie et v\u00e9hicules \u00e9lectriques<\/h2>\n<!-- \/wp:heading -->\n\n<!-- wp:spacer {\"height\":\"30px\"} -->\n<div style=\"height:30px\" aria-hidden=\"true\" class=\"wp-block-spacer\"><\/div>\n<!-- \/wp:spacer -->\n\n<!-- wp:paragraph -->\n<p>Les v\u00e9hicules 100 % \u00e9lectriques sont g\u00e9n\u00e9ralement class\u00e9s en cat\u00e9gorie A car ils n'\u00e9mettent pas de CO2 \u00e0 l'usage.<\/p>\n<!-- \/wp:paragraph -->\n\n<!-- wp:spacer {\"height\":\"30px\"} -->\n<div style=\"height:30px\" aria-hidden=\"true\" class=\"wp-block-spacer\"><\/div>\n<!-- \/wp:spacer -->\n\n<!-- wp:heading {\"level\":3} -->\n<h3 class=\"wp-block-heading\">Int\u00e9r\u00eats pour l'utilisateur :<\/h3>\n<!-- \/wp:heading -->\n\n<!-- wp:list -->\n<ul class=\"wp-block-list\"><!-- wp:list-item -->\n<li>Z\u00e9ro \u00e9mission locale.<\/li>\n<!-- \/wp:list-item -->\n\n<!-- wp:list-item -->\n<li>Acc\u00e8s sans restriction aux centres-villes.<\/li>\n<!-- \/wp:list-item -->\n\n<!-- wp:list-item -->\n<li>Co\u00fbts d'usage r\u00e9duits.<\/li>\n<!-- \/wp:list-item --><\/ul>\n<!-- \/wp:list -->\n\n<!-- wp:spacer {\"height\":\"30px\"} -->\n<div style=\"height:30px\" aria-hidden=\"true\" class=\"wp-block-spacer\"><\/div>\n<!-- \/wp:spacer -->\n\n<!-- wp:heading -->\n<h2 class=\"wp-block-heading\">Conclusion<\/h2>\n<!-- \/wp:heading -->\n\n<!-- wp:spacer {\"height\":\"30px\"} -->\n<div style=\"height:30px\" aria-hidden=\"true\" class=\"wp-block-spacer\"><\/div>\n<!-- \/wp:spacer -->\n\n<!-- wp:paragraph -->\n<p>L'\u00e9tiquette \u00e9nergie d'un v\u00e9hicule est bien plus qu'un simple autocollant : c'est un v\u00e9ritable outil d'aide \u00e0 la d\u00e9cision. Que vous recherchiez une citadine pour vos trajets urbains ou un SUV familial, prendre en compte la classe \u00e9nergie vous permettra de rouler plus vert, plus \u00e9conomique, et parfois de profiter d'aides financi\u00e8res int\u00e9ressantes.<\/p>\n<!-- \/wp:paragraph -->\n\n<!-- wp:spacer {\"height\":\"30px\"} -->\n<div style=\"height:30px\" aria-hidden=\"true\" class=\"wp-block-spacer\"><\/div>\n<!-- \/wp:spacer -->\n\n<!-- wp:heading -->\n<h2 class=\"wp-block-heading\">Besoin de conseils pour bien choisir votre prochaine MINI ?<\/h2>\n<!-- \/wp:heading -->\n\n<!-- wp:spacer {\"height\":\"30px\"} -->\n<div style=\"height:30px\" aria-hidden=\"true\" class=\"wp-block-spacer\"><\/div>\n<!-- \/wp:spacer -->\n\n<!-- wp:paragraph -->\n<p>Nos MINI Stores \u00e0 Albi, Rodez, Montpellier, Aurillac, Valence et Mont\u00e9limar vous accompagnent dans votre projet. Contactez-nous pour une estimation, un essai ou un devis personnalis\u00e9.<\/p>\n<!-- \/wp:paragraph -->\n\n<!-- wp:spacer {\"height\":\"30px\"} -->\n<div style=\"height:30px\" aria-hidden=\"true\" class=\"wp-block-spacer\"><\/div>\n<!-- \/wp:spacer -->\n\n<!-- wp:buttons {\"layout\":{\"type\":\"flex\",\"justifyContent\":\"center\"}} -->\n<div class=\"wp-block-buttons\"><!-- wp:button -->\n<div class=\"wp-block-button\"><a class=\"wp-block-button__link wp-element-button\" href=\"https:\/\/groupe-grim.com\/rendez-vous\/?brand=mini\"><mark style=\"background-color:rgba(0, 0, 0, 0)\" class=\"has-inline-color has-white-color\">Prendre rdv<\/mark><\/a><\/div>\n<!-- \/wp:button --><\/div>\n<!-- \/wp:buttons -->\n\n<!-- wp:spacer -->\n<div style=\"height:100px\" aria-hidden=\"true\" class=\"wp-block-spacer\"><\/div>\n<!-- \/wp:spacer -->","_et_pb_enable_shortcode_tracking":null,"_et_pb_custom_css":null,"_et_pb_light_text_color":null,"_et_pb_dark_text_color":null,"_et_pb_content_area_background_color":null,"_et_pb_section_background_color":null,"_yoast_wpseo_content_score":null,"_thumbnail_id":"36365","_et_pb_page_layout":"et_right_sidebar","_et_builder_version":null,"_et_pb_post_hide_nav":"default","_yoast_wpseo_metadesc":null,"_yoast_wpseo_title":null,"_yoast_wpseo_metakeywords":null,"_canonical":null,"_wp_old_date":null,"rank_math_internal_links_processed":"1","_et_gb_content_width":"","rank_math_seo_score":"77","rank_math_title":null,"rank_math_description":"D\u00e9couvrez comment fonctionne l'\u00e9tiquette \u00e9nergie d'un v\u00e9hicule, ses classes CO2, et comment elle influence votre choix auto.","_et_pb_built_for_post_type":null,"_et_pb_ab_subjects":null,"_global_colors_info":null,"_et_pb_show_page_creation":"on","_et_pb_first_image":null,"_et_pb_truncate_post":null,"_et_pb_gutter_width":null,"_et_pb_ab_current_shortcode":null,"wpil_links_inbound_internal_count":null,"wpil_links_outbound_internal_count":null,"wpil_links_outbound_external_count":null,"wpil_sync_report2_time":null,"wpil_sync_report3":null,"wpil_links_outbound_external_count_data":null,"wpil_links_outbound_internal_count_data":null,"_et_pb_truncate_post_date":null,"wpil_links_inbound_internal_count_data":null,"_et_builder_dynamic_assets_loading_attr_threshold":"5","footnotes":"","rank_math_og_content_image":null,"_et_theme_builder_marked_as_unused":null,"two_optimized_date":null,"_wp_trash_meta_status":null,"_wp_trash_meta_time":null,"_wp_desired_post_slug":null,"_et_dynamic_cached_shortcodes":["et_pb_social_media_follow_network","et_pb_section","et_pb_row","et_pb_column","et_pb_blurb","et_pb_code","et_pb_image","et_pb_menu","et_pb_social_media_follow","et_pb_text"],"_et_dynamic_cached_attributes":{"font_icon":["&#xe081;||divi||400","&#xe090;||divi||400","&#x61;||divi||400","&#x4d;||divi||400"],"social_network":["facebook","youtube","linkedin","instagram","tiktok"],"_unique_id":"1dc524a9-369c-4975-9959-65c7329d802c","background_color":"#FFFFFF","title_text_align":"center","title_letter_spacing":"0px","title_line_height":"3em","title_font":"|||on|||||"},"et_enqueued_post_fonts":{"family":{"et-gf-roboto":"Roboto:100,100italic,300,300italic,regular,italic,500,500italic,700,700italic,900,900italic","et-gf-work-sans":"Work+Sans:100,200,300,regular,500,600,700,800,900,100italic,200italic,300italic,italic,500italic,600italic,700italic,800italic,900italic","et-gf-epilogue":"Epilogue:100,200,300,regular,500,600,700,800,900,100italic,200italic,300italic,italic,500italic,600italic,700italic,800italic,900italic"},"subset":["cyrillic","cyrillic-ext","greek","greek-ext","latin","latin-ext","vietnamese"]},"_et_builder_module_features_cache":["{\"gph\":1,\"divi\":\"4.27.5\",\"wp\":\"6.9.4\",\"tb\":{\"18020\":\"2025-10-20 15:35:11\",\"18024\":\"2025-10-20 15:33:59\"},\"wpe\":[]}",{"et_pb_section_7c8718f31fe55c7d7d6a12bbaadadee6":{"cuma":true,"mawi":true,"bosh":true,"mapac":true,"anim":true},"et_pb_row_2d2d8f21a6d0ac8af0a60c78646a18b3":{"cuma":true,"mawi":true,"bosh":true,"mapac":true,"anim":true},"et_pb_column_26fed2282753a946e59a44832293e1a7":{"cuma":true,"bosh":true,"pos":true,"mapac":true,"anim":true},"et_pb_code_f8fc6dd7806a55341a4fa3e2971130cd":{"mawi":true,"bosh":true,"pos":true,"anim":true},"et_pb_row_19938ef8033976b95e3c3972788e68d5":{"bor":true,"cuma":true,"mawi":true,"bosh":true,"mapac":true,"anim":true},"et_pb_column_c457f6a50da8fdd25fc1cfdc1deba605":{"bosh":true,"pos":true,"anim":true},"et_pb_blurb_822895a5f77e3f1d2cd0f89d612db784":{"glde":{"header_font_size":"18","header_letter_spacing":"0px","header_line_height":"1em","body_font_size":"14","body_letter_spacing":"0px","body_line_height":"1.7em","background_size":"cover","background_position":"center","background_repeat":"no-repeat","background_blend":"normal"},"foop":true,"tesh":true,"cuma":true,"mawi":true,"bosh":true,"pos":true,"mapac":true,"anim":true},"et_pb_blurb_4bb064637bb90c54c6511bd5aa664218":{"glde":{"header_font_size":"18","header_letter_spacing":"0px","header_line_height":"1em","body_font_size":"14","body_letter_spacing":"0px","body_line_height":"1.7em","background_size":"cover","background_position":"center","background_repeat":"no-repeat","background_blend":"normal"},"foop":true,"tesh":true,"cuma":true,"mawi":true,"bosh":true,"pos":true,"mapac":true,"anim":true},"et_pb_blurb_a521b318227bf4d24c46a863a077d340":{"glde":{"header_font_size":"18","header_letter_spacing":"0px","header_line_height":"1em","body_font_size":"14","body_letter_spacing":"0px","body_line_height":"1.7em","background_size":"cover","background_position":"center","background_repeat":"no-repeat","background_blend":"normal"},"foop":true,"tesh":true,"cuma":true,"mawi":true,"bosh":true,"pos":true,"mapac":true,"anim":true},"et_pb_social_media_follow_network_bd4815d15f47f1a2230b1049a5894b6c":{"tesh":true,"bosh":true,"pos":true,"anim":true},"et_pb_social_media_follow_network_0a310f0a45b99f891d72adbb02991c9c":{"tesh":true,"bosh":true,"pos":true,"anim":true},"et_pb_social_media_follow_network_e43dc3643f56a88f716d0457a55022d2":{"tesh":true,"bosh":true,"pos":true,"anim":true},"et_pb_social_media_follow_2e638d738fddebca89d9cb9a841843ef":{"tesh":true,"cuma":true,"mawi":true,"bosh":true,"pos":true,"mapac":true,"anim":true},"et_pb_section_0ab968f79187cbbbede278cc120cf355":{"cuma":true,"mawi":true,"bosh":true,"pos":true,"mapac":true,"anim":true},"et_pb_row_d7e003a7706fb54f718d9e4969ce2094":{"cuma":true,"mawi":true,"bosh":true,"mapac":true,"anim":true},"et_pb_image_e3fc9f028cc098063a98c63c6bda4d0d":{"hhere":true,"cuma":true,"mawi":true,"bosh":true,"pos":true,"mapac":true,"anim":true},"et_pb_menu_cf9135726577fade7b242778195da29e":{"glde":{"background_size":"cover","background_position":"center","background_repeat":"no-repeat","background_blend":"normal"},"foop":true,"tesh":true,"cuma":true,"mawi":true,"bosh":true,"pos":true,"mapac":true,"anim":true},"et_pb_image_cfd8422f02bcda8868597578420449fd":{"hhere":true,"cuma":true,"mawi":true,"bosh":true,"pos":true,"mapac":true,"anim":true},"et_pb_blurb_a8044f6b07e9cf97c28ebc87994712ca":{"glde":{"header_font_size":"18","header_letter_spacing":"0px","header_line_height":"1em","body_font_size":"14","body_letter_spacing":"0px","body_line_height":"1.7em","background_size":"cover","background_position":"center","background_repeat":"no-repeat","background_blend":"normal"},"foop":true,"tesh":true,"cuma":true,"mawi":true,"bosh":true,"pos":true,"mapac":true,"anim":true},"et_pb_section_d8ce45a7d278c4ec9f8b59d055a09ba8":{"cuma":true,"mawi":true,"bosh":true,"mapac":true,"anim":true},"et_pb_row_56d53a492fe688bce441caecbd0af781":{"cuma":true,"mawi":true,"bosh":true,"mapac":true,"anim":true},"et_pb_column_f94e6ccfac0294f218bf6bb13e593d59":{"bosh":true,"pos":true,"anim":true},"et_pb_blurb_d394c7b9c4fb195c274f6ad7bfbd18d9":{"glde":{"header_font_size":"18","header_letter_spacing":"0px","header_line_height":"1em","body_font_size":"14","body_letter_spacing":"0px","body_line_height":"1.7em","background_size":"cover","background_position":"center","background_repeat":"no-repeat","background_blend":"normal"},"foop":true,"tesh":true,"cuma":true,"mawi":true,"bosh":true,"pos":true,"mapac":true,"anim":true},"et_pb_row_39f78e5bdcc54622f8995da34706fcaf":{"cuma":true,"mawi":true,"bosh":true,"mapac":true,"anim":true},"et_pb_column_f36ce9620f73f9a2d0cb24e4f86e7a63":{"bosh":true,"pos":true,"anim":true},"et_pb_menu_92af27db14d698a8fa2b779aa5db6e02":{"glde":{"background_size":"cover","background_position":"center","background_repeat":"no-repeat","background_blend":"normal"},"foop":true,"tesh":true,"cuma":true,"mawi":true,"bosh":true,"pos":true,"mapac":true,"anim":true},"et_pb_section_94a7dbfb5ca0448f30c742a25a7808c4":{"cuma":true,"mawi":true,"bosh":true,"mapac":true,"anim":true},"et_pb_row_81ff6a396761a970d2ea01bac11cab69":{"bor":true,"cuma":true,"mawi":true,"bosh":true,"mapac":true,"anim":true},"et_pb_column_0ac7afca039394610075540edce782aa":{"bosh":true,"pos":true,"anim":true},"et_pb_text_98c3c9c7b624526862046aaee55158d5":{"glde":{"text_font_size":"14","text_letter_spacing":"0px","text_line_height":"1.7em","header_font_size":"30px","header_letter_spacing":"0px","header_line_height":"1em","background_size":"cover","background_position":"center","background_repeat":"no-repeat","background_blend":"normal"},"foop":true,"tesh":true,"cuma":true,"mawi":true,"bosh":true,"pos":true,"mapac":true,"anim":true},"et_pb_column_aed4385319c2d4029ce9bc99c008d2a0":{"bosh":true,"pos":true,"anim":true},"et_pb_text_614e4acdd1a8a67e32569c2aedfbdb95":{"glde":{"text_font_size":"14","text_letter_spacing":"0px","text_line_height":"1.7em","header_font_size":"30px","header_letter_spacing":"0px","header_line_height":"1em","background_size":"cover","background_position":"center","background_repeat":"no-repeat","background_blend":"normal"},"foop":true,"tesh":true,"mawi":true,"bosh":true,"pos":true,"anim":true},"et_pb_row_3bfaa0c49f6d2059300e8ad34e26a2ca":{"cuma":true,"mawi":true,"bosh":true,"mapac":true,"anim":true},"et_pb_text_97e305b9490eb11e97d3e007ebc3d613":{"glde":{"text_font_size":"14","text_letter_spacing":"0px","text_line_height":"1.7em","header_font_size":"30px","header_letter_spacing":"0px","header_line_height":"1em","background_size":"cover","background_position":"center","background_repeat":"no-repeat","background_blend":"normal"},"foop":true,"tesh":true,"cuma":true,"mawi":true,"bosh":true,"pos":true,"mapac":true,"anim":true},"et_pb_text_00231f003b6966c1d60bdc62851738b0":{"glde":{"text_font_size":"14","text_letter_spacing":"0px","text_line_height":"1.7em","header_font_size":"30px","header_letter_spacing":"0px","header_line_height":"1em","background_size":"cover","background_position":"center","background_repeat":"no-repeat","background_blend":"normal"},"foop":true,"tesh":true,"mawi":true,"bosh":true,"pos":true,"anim":true},"et_pb_column_b017da2afc7adf1966778c9386b8382b":{"bosh":true,"pos":true,"anim":true},"et_pb_text_cc1f8761483d005276cae1b9c6c8a9c6":{"glde":{"text_font_size":"14","text_letter_spacing":"0px","text_line_height":"1.7em","header_font_size":"30px","header_letter_spacing":"0px","header_line_height":"1em","background_size":"cover","background_position":"center","background_repeat":"no-repeat","background_blend":"normal"},"foop":true,"tesh":true,"cuma":true,"mawi":true,"bosh":true,"pos":true,"mapac":true,"anim":true},"et_pb_text_21c794b920622ae7121acc8f2c4fb764":{"glde":{"text_font_size":"14","text_letter_spacing":"0px","text_line_height":"1.7em","header_font_size":"30px","header_letter_spacing":"0px","header_line_height":"1em","background_size":"cover","background_position":"center","background_repeat":"no-repeat","background_blend":"normal"},"foop":true,"tesh":true,"mawi":true,"bosh":true,"pos":true,"anim":true},"et_pb_text_071e97668bec6157e901680a783f790a":{"glde":{"text_font_size":"14","text_letter_spacing":"0px","text_line_height":"1.7em","header_font_size":"30px","header_letter_spacing":"0px","header_line_height":"1em","background_size":"cover","background_position":"center","background_repeat":"no-repeat","background_blend":"normal"},"foop":true,"tesh":true,"cuma":true,"mawi":true,"bosh":true,"pos":true,"mapac":true,"anim":true},"et_pb_text_97367c248c3d2c51300df319d29fb440":{"glde":{"text_font_size":"14","text_letter_spacing":"0px","text_line_height":"1.7em","header_font_size":"30px","header_letter_spacing":"0px","header_line_height":"1em","background_size":"cover","background_position":"center","background_repeat":"no-repeat","background_blend":"normal"},"foop":true,"tesh":true,"cuma":true,"mawi":true,"bosh":true,"pos":true,"mapac":true,"anim":true},"et_pb_text_284b93c0ea652094acd5bb7aca9ed8a7":{"glde":{"text_font_size":"14","text_letter_spacing":"0px","text_line_height":"1.7em","header_font_size":"30px","header_letter_spacing":"0px","header_line_height":"1em","background_size":"cover","background_position":"center","background_repeat":"no-repeat","background_blend":"normal"},"foop":true,"tesh":true,"cuma":true,"mawi":true,"bosh":true,"pos":true,"mapac":true,"anim":true},"et_pb_row_26d8ba8e84b971034a050877ba27e29c":{"cuma":true,"mawi":true,"bosh":true,"mapac":true,"anim":true},"et_pb_column_caac62112acdf4b20e43341b473dc87b":{"bosh":true,"pos":true,"anim":true},"et_pb_text_516ef9247b58c887f99b1151d64bd7c9":{"glde":{"text_font_size":"14","text_letter_spacing":"0px","text_line_height":"1.7em","header_font_size":"30px","header_letter_spacing":"0px","header_line_height":"1em","background_size":"cover","background_position":"center","background_repeat":"no-repeat","background_blend":"normal"},"foop":true,"tesh":true,"cuma":true,"mawi":true,"bosh":true,"pos":true,"mapac":true,"anim":true},"et_pb_social_media_follow_network_810aaeccdc590481958a92c9f0ca3204":{"tesh":true,"bosh":true,"pos":true,"anim":true},"et_pb_social_media_follow_network_bce734a078c7208803e664733dd89012":{"tesh":true,"bosh":true,"pos":true,"anim":true},"et_pb_social_media_follow_network_f79a0d3bb53211bfa8059de5a8657173":{"tesh":true,"bosh":true,"pos":true,"anim":true},"et_pb_social_media_follow_25adf74cc06867ff3f7972fc92c4d10f":{"tesh":true,"cuma":true,"mawi":true,"bosh":true,"pos":true,"mapac":true,"anim":true},"et_pb_row_3536d5fa5e6e1c8660648c690a8e7e30":{"cuma":true,"mawi":true,"bosh":true,"mapac":true,"anim":true},"et_pb_column_3b74d170797721179a79b5f6730c5af6":{"bosh":true,"pos":true,"anim":true},"et_pb_text_60591cb6df5b05b7d613a45c4a3403c3":{"glde":{"text_font_size":"14","text_letter_spacing":"0px","text_line_height":"1.7em","header_font_size":"30px","header_letter_spacing":"0px","header_line_height":"1em","background_size":"cover","background_position":"center","background_repeat":"no-repeat","background_blend":"normal"},"foop":true,"tesh":true,"cuma":true,"mawi":true,"bosh":true,"pos":true,"mapac":true,"anim":true},"et_pb_text_e33557172dddf23e388a9bf91b177905":{"glde":{"text_font_size":"14","text_letter_spacing":"0px","text_line_height":"1.7em","header_font_size":"30px","header_letter_spacing":"0px","header_line_height":"1em","background_size":"cover","background_position":"center","background_repeat":"no-repeat","background_blend":"normal"},"foop":true,"tesh":true,"cuma":true,"mawi":true,"bosh":true,"pos":true,"mapac":true,"anim":true},"et_pb_row_cf1f636a33d40ff7675cca65bcc7078a":{"cuma":true,"mawi":true,"bosh":true,"mapac":true,"anim":true},"et_pb_column_a386899a31d9328ffe12aa003e355edf":{"bosh":true,"pos":true,"anim":true},"et_pb_text_6e20b895e969dcd3ed1f170564139d9b":{"glde":{"text_font_size":"14","text_letter_spacing":"0px","text_line_height":"1.7em","header_font_size":"30px","header_letter_spacing":"0px","header_line_height":"1em","background_size":"cover","background_position":"center","background_repeat":"no-repeat","background_blend":"normal"},"foop":true,"tesh":true,"cuma":true,"mawi":true,"bosh":true,"pos":true,"mapac":true,"anim":true},"et_pb_code_8aea57214838166d0abc197d5c7d5603":{"mawi":true,"bosh":true,"pos":true,"anim":true}}],"_links":{"self":[{"href":"https:\/\/www.groupe-grim.com\/mini\/wp-json\/wp\/v2\/posts\/36360","targetHints":{"allow":["GET"]}}],"collection":[{"href":"https:\/\/www.groupe-grim.com\/mini\/wp-json\/wp\/v2\/posts"}],"about":[{"href":"https:\/\/www.groupe-grim.com\/mini\/wp-json\/wp\/v2\/types\/post"}],"author":[{"embeddable":true,"href":"https:\/\/www.groupe-grim.com\/mini\/wp-json\/wp\/v2\/users\/19"}],"replies":[{"embeddable":true,"href":"https:\/\/www.groupe-grim.com\/mini\/wp-json\/wp\/v2\/comments?post=36360"}],"version-history":[{"count":6,"href":"https:\/\/www.groupe-grim.com\/mini\/wp-json\/wp\/v2\/posts\/36360\/revisions"}],"predecessor-version":[{"id":36368,"href":"https:\/\/www.groupe-grim.com\/mini\/wp-json\/wp\/v2\/posts\/36360\/revisions\/36368"}],"wp:featuredmedia":[{"embeddable":true,"href":"https:\/\/www.groupe-grim.com\/mini\/wp-json\/wp\/v2\/media\/36365"}],"wp:attachment":[{"href":"https:\/\/www.groupe-grim.com\/mini\/wp-json\/wp\/v2\/media?parent=36360"}],"wp:term":[{"taxonomy":"category","embeddable":true,"href":"https:\/\/www.groupe-grim.com\/mini\/wp-json\/wp\/v2\/categories?post=36360"},{"taxonomy":"post_tag","embeddable":true,"href":"https:\/\/www.groupe-grim.com\/mini\/wp-json\/wp\/v2\/tags?post=36360"}],"curies":[{"name":"wp","href":"https:\/\/api.w.org\/{rel}","templated":true}]}}